{"id":4741,"date":"2020-09-30T17:22:11","date_gmt":"2020-09-30T16:22:11","guid":{"rendered":"https:\/\/www.hotelelysee.com\/le-george-and-le-diplomate-are-on-instagram\/"},"modified":"2024-04-11T14:47:29","modified_gmt":"2024-04-11T13:47:29","slug":"le-george-and-le-diplomate-are-on-instagram","status":"publish","type":"post","link":"https:\/\/www.hotelelysee.com\/fr\/le-george-and-le-diplomate-are-on-instagram\/","title":{"rendered":"Le George et Le Diplomate sont sur Instagram !"},"content":{"rendered":"\n<p class=\"has-text-align-center\">Depuis la rentr\u00e9e 2020, Le George et Le Diplomate sont sur Instagram&nbsp;! Quel contenu y trouver&nbsp;? Comment s\u2019y abonner&nbsp;? Explications&nbsp;!<\/p>\n\n\n\n<h2 class=\"wp-block-heading has-text-align-center\">Apr\u00e8s l\u2019H\u00f4tel l\u2019\u00c9lys\u00e9e Val d\u2019Europe&nbsp;: Le George+Diplomate<\/h2>\n\n\n\n<p class=\"has-text-align-center\">Vous suiviez d\u00e9j\u00e0 l\u2019H\u00f4tel l\u2019\u00c9lys\u00e9e Val d\u2019Europe sur Instagram depuis le compte <strong><a href=\"https:\/\/www.instagram.com\/hotel_elysee\/\" target=\"_blank\" rel=\"noreferrer noopener\">@hotel_elysee<\/a><\/strong>&nbsp;? Faites un tout petit peu de place suppl\u00e9mentaire dans votre feed pour son petit fr\u00e8re&nbsp;: le compte d\u00e9di\u00e9 \u00e0 pr\u00e9sent au George et au Diplomate&nbsp;!<\/p>\n\n\n\n<h2 class=\"wp-block-heading has-text-align-center\">Deux adresses de r\u00e9f\u00e9rence \u00e0 Val d\u2019Europe<\/h2>\n\n\n\n<p class=\"has-text-align-center\">Le George, c\u2019est le restaurant-steakhouse int\u00e9gr\u00e9 \u00e0 notre h\u00f4tel 4 \u00e9toiles, au 1 Place d\u2019Ariane \u00e0 Serris. Le Diplomate, c\u2019est le caf\u00e9-bar qui le jouxte, \u00e0 la m\u00eame adresse. Id\u00e9alement situ\u00e9s au c\u0153ur de Val d\u2019Europe, entre la station de RER et le centre commercial, ces deux lieux vous accueillent tous les jours de la semaine dans le respect des gestes barri\u00e8re en vigueur&nbsp;: pour vos petits creux comme pour vos grosses faims, et pour vos afterworks entre coll\u00e8gues comme pour vos anniversaires entre ami\u00b7es.<\/p>\n\n\n\n<h2 class=\"wp-block-heading has-text-align-center\">Quel contenu sur le compte Instagram @george.diplomate&nbsp;?<\/h2>\n\n\n\n<p class=\"has-text-align-center\">En septembre 2020, Le George et Le Diplomate sont arriv\u00e9s sur Instagram en un seul et unique compte. Sur ce nouvel espace d\u2019expression, vous retrouvez chaque semaine de nouvelles publications pour mieux d\u00e9couvrir les lieux, les plats qui constituent chaque carte de saison, nos cocktails les plus populaires, nos \u00e9v\u00e9nements, et bien d\u2019autres choses encore. Un compte \u00e0 partager sans mod\u00e9ration aux Serrissien\u00b7nes gourmets\u2026 et aux autres.<\/p>\n\n\n\n<h2 class=\"wp-block-heading has-text-align-center\">Suivre Le George et Le Diplomate sur Instagram&nbsp;: mode d\u2019emploi<\/h2>\n\n\n\n<p class=\"has-text-align-center\">Le compte Instagram @george.diplomate est accessible depuis cette adresse&nbsp;:<\/p>\n\n\n\n<p class=\"has-text-align-center\"><a href=\"https:\/\/www.instagram.com\/george.diplomate\/\" target=\"_blank\" rel=\"noreferrer noopener\"><strong>www.instagram.com\/george.diplomate<\/strong><\/a><\/p>\n\n\n\n<p class=\"has-text-align-center\">Vous pouvez aussi scanner ce QR Code pour commencer \u00e0 nous suivre&nbsp;:<\/p>\n\n\n<div class=\"wp-block-image\">\n<figure class=\"aligncenter\"><img decoding=\"async\" src=\"https:\/\/www.hotelelysee.com\/wp-content\/uploads\/2020\/09\/serris-val-europe-instagram-george-diplomate-bar-cafe-restaurant-701x1024.png\" alt=\"serris-val-europe-instagram-george-diplomate-bar-cafe-restaurant\" class=\"wp-image-15501\"\/><\/figure>\n<\/div>\n\n\n<p class=\"has-text-align-center\">Merci \u00e0 tous\u00b7tes&nbsp;!<\/p>\n","protected":false},"excerpt":{"rendered":"<p>Depuis la rentr\u00e9e 2020, Le George et Le Diplomate sont sur Instagram&nbsp;! Quel contenu y trouver&nbsp;? Comment s\u2019y abonner&nbsp;? Explications&nbsp;!&#8230;<\/p>\n","protected":false},"author":6,"featured_media":0,"comment_status":"closed","ping_status":"closed","sticky":false,"template":"","format":"standard","meta":{"_acf_changed":false,"footnotes":""},"categories":[58],"tags":[],"class_list":["post-4741","post","type-post","status-publish","format-standard","hentry","category-blog-fr"],"acf":[],"yoast_head":"<!-- This site is optimized with the Yoast SEO plugin v26.9 - https:\/\/yoast.com\/product\/yoast-seo-wordpress\/ -->\n<title>Le George et Le Diplomate sont sur Instagram ! - H\u00f4tel L&#039;Elys\u00e9e Val d&#039;Europe | 4* Pr\u00e8s de Disneyland\u00ae Paris\u00ae<\/title>\n<meta name=\"description\" content=\"Just a few weeks ago, Le George and Le Diplomate joined Instagram! What kind of content are they sharing? How can you follow along? Keep reading to find out!\" \/>\n<meta name=\"robots\" content=\"index, follow, max-snippet:-1, max-image-preview:large, max-video-preview:-1\" \/>\n<link rel=\"canonical\" href=\"https:\/\/www.hotelelysee.com\/fr\/le-george-and-le-diplomate-are-on-instagram\/\" \/>\n<meta property=\"og:locale\" content=\"fr_FR\" \/>\n<meta property=\"og:type\" content=\"article\" \/>\n<meta property=\"og:title\" content=\"Le George et Le Diplomate sont sur Instagram ! - H\u00f4tel L&#039;Elys\u00e9e Val d&#039;Europe | 4* Pr\u00e8s de Disneyland\u00ae Paris\u00ae\" \/>\n<meta property=\"og:description\" content=\"Just a few weeks ago, Le George and Le Diplomate joined Instagram! What kind of content are they sharing? How can you follow along? Keep reading to find out!\" \/>\n<meta property=\"og:url\" content=\"https:\/\/www.hotelelysee.com\/fr\/le-george-and-le-diplomate-are-on-instagram\/\" \/>\n<meta property=\"og:site_name\" content=\"H\u00f4tel L&#039;Elys\u00e9e Val d&#039;Europe | 4* Pr\u00e8s de Disneyland\u00ae Paris\u00ae\" \/>\n<meta property=\"article:published_time\" content=\"2020-09-30T16:22:11+00:00\" \/>\n<meta property=\"article:modified_time\" content=\"2024-04-11T13:47:29+00:00\" \/>\n<meta property=\"og:image\" content=\"https:\/\/www.hotelelysee.com\/wp-content\/uploads\/2020\/09\/serris-val-europe-instagram-george-diplomate-bar-cafe-restaurant-701x1024.png\" \/>\n<meta name=\"author\" content=\"Commercial\" \/>\n<meta name=\"twitter:card\" content=\"summary_large_image\" \/>\n<meta name=\"twitter:label1\" content=\"\u00c9crit par\" \/>\n\t<meta name=\"twitter:data1\" content=\"Commercial\" \/>\n\t<meta name=\"twitter:label2\" content=\"Dur\u00e9e de lecture estim\u00e9e\" \/>\n\t<meta name=\"twitter:data2\" content=\"2 minutes\" \/>\n<script type=\"application\/ld+json\" class=\"yoast-schema-graph\">{\"@context\":\"https:\/\/schema.org\",\"@graph\":[{\"@type\":\"Article\",\"@id\":\"https:\/\/www.hotelelysee.com\/fr\/le-george-and-le-diplomate-are-on-instagram\/#article\",\"isPartOf\":{\"@id\":\"https:\/\/www.hotelelysee.com\/fr\/le-george-and-le-diplomate-are-on-instagram\/\"},\"author\":{\"name\":\"Commercial\",\"@id\":\"https:\/\/www.hotelelysee.com\/fr\/#\/schema\/person\/b9445981c271902d653d3fbb6e6e8be4\"},\"headline\":\"Le George et Le Diplomate sont sur Instagram !\",\"datePublished\":\"2020-09-30T16:22:11+00:00\",\"dateModified\":\"2024-04-11T13:47:29+00:00\",\"mainEntityOfPage\":{\"@id\":\"https:\/\/www.hotelelysee.com\/fr\/le-george-and-le-diplomate-are-on-instagram\/\"},\"wordCount\":328,\"image\":{\"@id\":\"https:\/\/www.hotelelysee.com\/fr\/le-george-and-le-diplomate-are-on-instagram\/#primaryimage\"},\"thumbnailUrl\":\"https:\/\/www.hotelelysee.com\/wp-content\/uploads\/2020\/09\/serris-val-europe-instagram-george-diplomate-bar-cafe-restaurant-701x1024.png\",\"articleSection\":[\"Blog\"],\"inLanguage\":\"fr-FR\"},{\"@type\":\"WebPage\",\"@id\":\"https:\/\/www.hotelelysee.com\/fr\/le-george-and-le-diplomate-are-on-instagram\/\",\"url\":\"https:\/\/www.hotelelysee.com\/fr\/le-george-and-le-diplomate-are-on-instagram\/\",\"name\":\"Le George et Le Diplomate sont sur Instagram ! - H\u00f4tel L&#039;Elys\u00e9e Val d&#039;Europe | 4* Pr\u00e8s de Disneyland\u00ae Paris\u00ae\",\"isPartOf\":{\"@id\":\"https:\/\/www.hotelelysee.com\/fr\/#website\"},\"primaryImageOfPage\":{\"@id\":\"https:\/\/www.hotelelysee.com\/fr\/le-george-and-le-diplomate-are-on-instagram\/#primaryimage\"},\"image\":{\"@id\":\"https:\/\/www.hotelelysee.com\/fr\/le-george-and-le-diplomate-are-on-instagram\/#primaryimage\"},\"thumbnailUrl\":\"https:\/\/www.hotelelysee.com\/wp-content\/uploads\/2020\/09\/serris-val-europe-instagram-george-diplomate-bar-cafe-restaurant-701x1024.png\",\"datePublished\":\"2020-09-30T16:22:11+00:00\",\"dateModified\":\"2024-04-11T13:47:29+00:00\",\"author\":{\"@id\":\"https:\/\/www.hotelelysee.com\/fr\/#\/schema\/person\/b9445981c271902d653d3fbb6e6e8be4\"},\"description\":\"Just a few weeks ago, Le George and Le Diplomate joined Instagram! What kind of content are they sharing? How can you follow along? Keep reading to find out!\",\"breadcrumb\":{\"@id\":\"https:\/\/www.hotelelysee.com\/fr\/le-george-and-le-diplomate-are-on-instagram\/#breadcrumb\"},\"inLanguage\":\"fr-FR\",\"potentialAction\":[{\"@type\":\"ReadAction\",\"target\":[\"https:\/\/www.hotelelysee.com\/fr\/le-george-and-le-diplomate-are-on-instagram\/\"]}]},{\"@type\":\"ImageObject\",\"inLanguage\":\"fr-FR\",\"@id\":\"https:\/\/www.hotelelysee.com\/fr\/le-george-and-le-diplomate-are-on-instagram\/#primaryimage\",\"url\":\"https:\/\/www.hotelelysee.com\/wp-content\/uploads\/2020\/09\/serris-val-europe-instagram-george-diplomate-bar-cafe-restaurant-701x1024.png\",\"contentUrl\":\"https:\/\/www.hotelelysee.com\/wp-content\/uploads\/2020\/09\/serris-val-europe-instagram-george-diplomate-bar-cafe-restaurant-701x1024.png\"},{\"@type\":\"BreadcrumbList\",\"@id\":\"https:\/\/www.hotelelysee.com\/fr\/le-george-and-le-diplomate-are-on-instagram\/#breadcrumb\",\"itemListElement\":[{\"@type\":\"ListItem\",\"position\":1,\"name\":\"Accueil\",\"item\":\"https:\/\/www.hotelelysee.com\/fr\/\"},{\"@type\":\"ListItem\",\"position\":2,\"name\":\"Le George et Le Diplomate sont sur Instagram !\"}]},{\"@type\":\"WebSite\",\"@id\":\"https:\/\/www.hotelelysee.com\/fr\/#website\",\"url\":\"https:\/\/www.hotelelysee.com\/fr\/\",\"name\":\"H\u00f4tel L'Elys\u00e9e Val d'Europe | 4* near Disneyland\u00ae Paris\",\"description\":\"Un h\u00f4tel 4 \u00e9toiles parfait pour la famille... et les entreprises\",\"potentialAction\":[{\"@type\":\"SearchAction\",\"target\":{\"@type\":\"EntryPoint\",\"urlTemplate\":\"https:\/\/www.hotelelysee.com\/fr\/?s={search_term_string}\"},\"query-input\":{\"@type\":\"PropertyValueSpecification\",\"valueRequired\":true,\"valueName\":\"search_term_string\"}}],\"inLanguage\":\"fr-FR\"},{\"@type\":\"Person\",\"@id\":\"https:\/\/www.hotelelysee.com\/fr\/#\/schema\/person\/b9445981c271902d653d3fbb6e6e8be4\",\"name\":\"Commercial\",\"image\":{\"@type\":\"ImageObject\",\"inLanguage\":\"fr-FR\",\"@id\":\"https:\/\/www.hotelelysee.com\/fr\/#\/schema\/person\/image\/\",\"url\":\"https:\/\/secure.gravatar.com\/avatar\/5262560066be923ccb941ca9848380e0dbc3922791903c81d0013747dc1bad09?s=96&d=mm&r=g\",\"contentUrl\":\"https:\/\/secure.gravatar.com\/avatar\/5262560066be923ccb941ca9848380e0dbc3922791903c81d0013747dc1bad09?s=96&d=mm&r=g\",\"caption\":\"Commercial\"},\"url\":\"https:\/\/www.hotelelysee.com\/fr\/author\/commercial\/\"}]}<\/script>\n<!-- \/ Yoast SEO plugin. -->","yoast_head_json":{"title":"Le George et Le Diplomate sont sur Instagram ! - H\u00f4tel L&#039;Elys\u00e9e Val d&#039;Europe | 4* Pr\u00e8s de Disneyland\u00ae Paris\u00ae","description":"Just a few weeks ago, Le George and Le Diplomate joined Instagram! What kind of content are they sharing? How can you follow along? Keep reading to find out!","robots":{"index":"index","follow":"follow","max-snippet":"max-snippet:-1","max-image-preview":"max-image-preview:large","max-video-preview":"max-video-preview:-1"},"canonical":"https:\/\/www.hotelelysee.com\/fr\/le-george-and-le-diplomate-are-on-instagram\/","og_locale":"fr_FR","og_type":"article","og_title":"Le George et Le Diplomate sont sur Instagram ! - H\u00f4tel L&#039;Elys\u00e9e Val d&#039;Europe | 4* Pr\u00e8s de Disneyland\u00ae Paris\u00ae","og_description":"Just a few weeks ago, Le George and Le Diplomate joined Instagram! What kind of content are they sharing? How can you follow along? Keep reading to find out!","og_url":"https:\/\/www.hotelelysee.com\/fr\/le-george-and-le-diplomate-are-on-instagram\/","og_site_name":"H\u00f4tel L&#039;Elys\u00e9e Val d&#039;Europe | 4* Pr\u00e8s de Disneyland\u00ae Paris\u00ae","article_published_time":"2020-09-30T16:22:11+00:00","article_modified_time":"2024-04-11T13:47:29+00:00","og_image":[{"url":"https:\/\/www.hotelelysee.com\/wp-content\/uploads\/2020\/09\/serris-val-europe-instagram-george-diplomate-bar-cafe-restaurant-701x1024.png","type":"","width":"","height":""}],"author":"Commercial","twitter_card":"summary_large_image","twitter_misc":{"\u00c9crit par":"Commercial","Dur\u00e9e de lecture estim\u00e9e":"2 minutes"},"schema":{"@context":"https:\/\/schema.org","@graph":[{"@type":"Article","@id":"https:\/\/www.hotelelysee.com\/fr\/le-george-and-le-diplomate-are-on-instagram\/#article","isPartOf":{"@id":"https:\/\/www.hotelelysee.com\/fr\/le-george-and-le-diplomate-are-on-instagram\/"},"author":{"name":"Commercial","@id":"https:\/\/www.hotelelysee.com\/fr\/#\/schema\/person\/b9445981c271902d653d3fbb6e6e8be4"},"headline":"Le George et Le Diplomate sont sur Instagram !","datePublished":"2020-09-30T16:22:11+00:00","dateModified":"2024-04-11T13:47:29+00:00","mainEntityOfPage":{"@id":"https:\/\/www.hotelelysee.com\/fr\/le-george-and-le-diplomate-are-on-instagram\/"},"wordCount":328,"image":{"@id":"https:\/\/www.hotelelysee.com\/fr\/le-george-and-le-diplomate-are-on-instagram\/#primaryimage"},"thumbnailUrl":"https:\/\/www.hotelelysee.com\/wp-content\/uploads\/2020\/09\/serris-val-europe-instagram-george-diplomate-bar-cafe-restaurant-701x1024.png","articleSection":["Blog"],"inLanguage":"fr-FR"},{"@type":"WebPage","@id":"https:\/\/www.hotelelysee.com\/fr\/le-george-and-le-diplomate-are-on-instagram\/","url":"https:\/\/www.hotelelysee.com\/fr\/le-george-and-le-diplomate-are-on-instagram\/","name":"Le George et Le Diplomate sont sur Instagram ! - H\u00f4tel L&#039;Elys\u00e9e Val d&#039;Europe | 4* Pr\u00e8s de Disneyland\u00ae Paris\u00ae","isPartOf":{"@id":"https:\/\/www.hotelelysee.com\/fr\/#website"},"primaryImageOfPage":{"@id":"https:\/\/www.hotelelysee.com\/fr\/le-george-and-le-diplomate-are-on-instagram\/#primaryimage"},"image":{"@id":"https:\/\/www.hotelelysee.com\/fr\/le-george-and-le-diplomate-are-on-instagram\/#primaryimage"},"thumbnailUrl":"https:\/\/www.hotelelysee.com\/wp-content\/uploads\/2020\/09\/serris-val-europe-instagram-george-diplomate-bar-cafe-restaurant-701x1024.png","datePublished":"2020-09-30T16:22:11+00:00","dateModified":"2024-04-11T13:47:29+00:00","author":{"@id":"https:\/\/www.hotelelysee.com\/fr\/#\/schema\/person\/b9445981c271902d653d3fbb6e6e8be4"},"description":"Just a few weeks ago, Le George and Le Diplomate joined Instagram! What kind of content are they sharing? How can you follow along? Keep reading to find out!","breadcrumb":{"@id":"https:\/\/www.hotelelysee.com\/fr\/le-george-and-le-diplomate-are-on-instagram\/#breadcrumb"},"inLanguage":"fr-FR","potentialAction":[{"@type":"ReadAction","target":["https:\/\/www.hotelelysee.com\/fr\/le-george-and-le-diplomate-are-on-instagram\/"]}]},{"@type":"ImageObject","inLanguage":"fr-FR","@id":"https:\/\/www.hotelelysee.com\/fr\/le-george-and-le-diplomate-are-on-instagram\/#primaryimage","url":"https:\/\/www.hotelelysee.com\/wp-content\/uploads\/2020\/09\/serris-val-europe-instagram-george-diplomate-bar-cafe-restaurant-701x1024.png","contentUrl":"https:\/\/www.hotelelysee.com\/wp-content\/uploads\/2020\/09\/serris-val-europe-instagram-george-diplomate-bar-cafe-restaurant-701x1024.png"},{"@type":"BreadcrumbList","@id":"https:\/\/www.hotelelysee.com\/fr\/le-george-and-le-diplomate-are-on-instagram\/#breadcrumb","itemListElement":[{"@type":"ListItem","position":1,"name":"Accueil","item":"https:\/\/www.hotelelysee.com\/fr\/"},{"@type":"ListItem","position":2,"name":"Le George et Le Diplomate sont sur Instagram !"}]},{"@type":"WebSite","@id":"https:\/\/www.hotelelysee.com\/fr\/#website","url":"https:\/\/www.hotelelysee.com\/fr\/","name":"H\u00f4tel L'Elys\u00e9e Val d'Europe | 4* near Disneyland\u00ae Paris","description":"Un h\u00f4tel 4 \u00e9toiles parfait pour la famille... et les entreprises","potentialAction":[{"@type":"SearchAction","target":{"@type":"EntryPoint","urlTemplate":"https:\/\/www.hotelelysee.com\/fr\/?s={search_term_string}"},"query-input":{"@type":"PropertyValueSpecification","valueRequired":true,"valueName":"search_term_string"}}],"inLanguage":"fr-FR"},{"@type":"Person","@id":"https:\/\/www.hotelelysee.com\/fr\/#\/schema\/person\/b9445981c271902d653d3fbb6e6e8be4","name":"Commercial","image":{"@type":"ImageObject","inLanguage":"fr-FR","@id":"https:\/\/www.hotelelysee.com\/fr\/#\/schema\/person\/image\/","url":"https:\/\/secure.gravatar.com\/avatar\/5262560066be923ccb941ca9848380e0dbc3922791903c81d0013747dc1bad09?s=96&d=mm&r=g","contentUrl":"https:\/\/secure.gravatar.com\/avatar\/5262560066be923ccb941ca9848380e0dbc3922791903c81d0013747dc1bad09?s=96&d=mm&r=g","caption":"Commercial"},"url":"https:\/\/www.hotelelysee.com\/fr\/author\/commercial\/"}]}},"_links":{"self":[{"href":"https:\/\/www.hotelelysee.com\/fr\/wp-json\/wp\/v2\/posts\/4741","targetHints":{"allow":["GET"]}}],"collection":[{"href":"https:\/\/www.hotelelysee.com\/fr\/wp-json\/wp\/v2\/posts"}],"about":[{"href":"https:\/\/www.hotelelysee.com\/fr\/wp-json\/wp\/v2\/types\/post"}],"author":[{"embeddable":true,"href":"https:\/\/www.hotelelysee.com\/fr\/wp-json\/wp\/v2\/users\/6"}],"replies":[{"embeddable":true,"href":"https:\/\/www.hotelelysee.com\/fr\/wp-json\/wp\/v2\/comments?post=4741"}],"version-history":[{"count":2,"href":"https:\/\/www.hotelelysee.com\/fr\/wp-json\/wp\/v2\/posts\/4741\/revisions"}],"predecessor-version":[{"id":4748,"href":"https:\/\/www.hotelelysee.com\/fr\/wp-json\/wp\/v2\/posts\/4741\/revisions\/4748"}],"wp:attachment":[{"href":"https:\/\/www.hotelelysee.com\/fr\/wp-json\/wp\/v2\/media?parent=4741"}],"wp:term":[{"taxonomy":"category","embeddable":true,"href":"https:\/\/www.hotelelysee.com\/fr\/wp-json\/wp\/v2\/categories?post=4741"},{"taxonomy":"post_tag","embeddable":true,"href":"https:\/\/www.hotelelysee.com\/fr\/wp-json\/wp\/v2\/tags?post=4741"}],"curies":[{"name":"wp","href":"https:\/\/api.w.org\/{rel}","templated":true}]}}