{"id":4767,"date":"2020-03-02T17:08:16","date_gmt":"2020-03-02T17:08:16","guid":{"rendered":"https:\/\/www.hotelelysee.com\/a-third-theme-park-at-disneyland-paris\/"},"modified":"2024-04-29T15:13:03","modified_gmt":"2024-04-29T14:13:03","slug":"a-third-theme-park-at-disneyland-paris","status":"publish","type":"post","link":"https:\/\/www.hotelelysee.com\/fr\/a-third-theme-park-at-disneyland-paris\/","title":{"rendered":"Un 3\u00e8me parc d\u2019attractions \u00e0 Disneyland\u00ae Paris ?"},"content":{"rendered":"\n<p class=\"has-text-align-center\">Apr\u00e8s Disneyland\u00ae et Walt Disney Studios\u00ae, y aura-t-il <strong>un 3\u00e8me parc \u00e0 Marne-la-Vall\u00e9e<\/strong> ? Le complexe a d\u00e9sormais jusqu\u2019\u00e0 2036 pour se d\u00e9cider\u00a0!<\/p>\n\n\n\n<h2 class=\"wp-block-heading has-text-align-center\">Pour l\u2019instant, 3 extensions concentr\u00e9es dans le m\u00eame parc<\/h2>\n\n\n\n<p class=\"has-text-align-center\">Depuis plusieurs mois, on parle beaucoup de l\u2019extension entreprise par Disneyland\u00ae Paris \u2013 certains pensant m\u00eame, \u00e0 tort, qu\u2019il s\u2019agit l\u00e0 d\u2019une 3\u00e8me aire d\u2019attractions pour la franchise. Ces 3 nouveaux univers Marvel, Star Wars et La Reine des neiges, programm\u00e9s d\u2019ici 2025, <strong>seront int\u00e9gr\u00e9s \u00e0 Walt Disney Studios<\/strong>\u00ae, 2\u00e8me aire d\u2019attractions ouverte en 2002, soit 10 ann\u00e9es apr\u00e8s l\u2019inauguration du parc Disneyland\u00ae.<\/p>\n\n\n\n<h2 class=\"wp-block-heading has-text-align-center\">Un avenant \u00e0 la convention de 1987<\/h2>\n\n\n\n<p class=\"has-text-align-center\">Or, depuis f\u00e9vrier 2020, m\u00e9dias et fans de la marque se mettent \u00e0 r\u00eaver \u00e0 l\u2019ouverture d\u2019un 3\u00e8me parc. La raison\u00a0? Un avenant \u00e0 une convention \u00e9tablie en 1987 prolonge de 10 ann\u00e9es suppl\u00e9mentaires, <strong>la possibilit\u00e9 de cr\u00e9er une 3\u00e8me aire \u00e0 Marne-la-Vall\u00e9e<\/strong>\u00a0; une convention de prime importance, puisqu\u2019elle a \u00e9t\u00e9 sign\u00e9e conjointement par l\u2019\u00c9tat, la r\u00e9gion, le d\u00e9partement, la RATP, l\u2019am\u00e9nageur public EpaFrance et, pour finir, Euro Disney\u00ae.<\/p>\n\n\n\n<h2 class=\"wp-block-heading has-text-align-center\">Le fin mot de l\u2019histoire en 2036&nbsp;?<\/h2>\n\n\n\n<p class=\"has-text-align-center\">Le 7 f\u00e9vrier 2020, le conseil d\u00e9partemental de Seine-et-Marne a adopt\u00e9 cet avenant \u00e0 la convention, le 1er depuis septembre 2010. Il y est pr\u00e9cis\u00e9 que la possibilit\u00e9 de d\u00e9cider la r\u00e9alisation d\u2019un 3\u00e8me parc <strong>est port\u00e9e jusqu\u2019en 2036 au lieu de 2026<\/strong>\u2026 et que cette \u00e9ch\u00e9ance pourra \u00e0 nouveau faire l\u2019objet d\u2019un avenant si certaines conditions sont remplies.<\/p>\n\n\n\n<h2 class=\"wp-block-heading has-text-align-center\">L\u2019H\u00f4tel l\u2019Elys\u00e9e Val d\u2019Europe, partenaire de 2 parcs\u2026 et bient\u00f4t 3&nbsp;?<\/h2>\n\n\n\n<p class=\"has-text-align-center\">En attendant l\u2019\u00e9criture d\u2019un potentiel 3\u00e8me chapitre \u00e0 l\u2019histoire de Disneyland\u00ae Paris, profitez toute l\u2019ann\u00e9e des 2 parcs partenaires de notre h\u00f4tel. <a href=\"https:\/\/www.secure-hotel-booking.com\/smart\/Hotel-Elysee-Val-D-europe\/2VN9\/fr\/?serializedCookie=Y29va2llbGF3aW5mby1jaGVja2JveC1ub24tbmVjZXNzYXJ5PXllcyxjb29raWVsYXdpbmZvLWNoZWNrYm94LW5lY2Vzc2FyeT15ZXM=&amp;_ga=2.202746390.640242904.1582187551-1488830438.1582187551\" target=\"_blank\" rel=\"noreferrer noopener\">R\u00e9servez votre chambre<\/a>, et acc\u00e9dez en 10 minutes seulement \u00e0 vos attractions pr\u00e9f\u00e9r\u00e9es <strong>en empruntant notre navette gratuite<\/strong>\u00a0!<\/p>\n","protected":false},"excerpt":{"rendered":"<p>Apr\u00e8s Disneyland\u00ae et Walt Disney Studios\u00ae, y aura-t-il un 3\u00e8me parc \u00e0 Marne-la-Vall\u00e9e ? Le complexe a d\u00e9sormais jusqu\u2019\u00e0 2036&#8230;<\/p>\n","protected":false},"author":6,"featured_media":0,"comment_status":"closed","ping_status":"closed","sticky":false,"template":"","format":"standard","meta":{"_acf_changed":false,"footnotes":""},"categories":[58],"tags":[],"class_list":["post-4767","post","type-post","status-publish","format-standard","hentry","category-blog-fr"],"acf":[],"yoast_head":"<!-- This site is optimized with the Yoast SEO plugin v26.9 - https:\/\/yoast.com\/product\/yoast-seo-wordpress\/ -->\n<title>Un 3\u00e8me parc d\u2019attractions \u00e0 Disneyland\u00ae Paris ? - H\u00f4tel L&#039;Elys\u00e9e Val d&#039;Europe | 4* Pr\u00e8s de Disneyland\u00ae Paris\u00ae<\/title>\n<meta name=\"description\" content=\"Apr\u00e8s Disneyland et Walt Disney Studios, y aura-t-il un 3\u00e8me parc \u00e0 Marne-la-Vall\u00e9e ? Le complexe a d\u00e9sormais jusqu\u2019\u00e0 2036 pour se d\u00e9cider\u00a0!\" \/>\n<meta name=\"robots\" content=\"index, follow, max-snippet:-1, max-image-preview:large, max-video-preview:-1\" \/>\n<link rel=\"canonical\" href=\"https:\/\/www.hotelelysee.com\/fr\/a-third-theme-park-at-disneyland-paris\/\" \/>\n<meta property=\"og:locale\" content=\"fr_FR\" \/>\n<meta property=\"og:type\" content=\"article\" \/>\n<meta property=\"og:title\" content=\"Un 3\u00e8me parc d\u2019attractions \u00e0 Disneyland\u00ae Paris ? - H\u00f4tel L&#039;Elys\u00e9e Val d&#039;Europe | 4* Pr\u00e8s de Disneyland\u00ae Paris\u00ae\" \/>\n<meta property=\"og:description\" content=\"Apr\u00e8s Disneyland et Walt Disney Studios, y aura-t-il un 3\u00e8me parc \u00e0 Marne-la-Vall\u00e9e ? Le complexe a d\u00e9sormais jusqu\u2019\u00e0 2036 pour se d\u00e9cider\u00a0!\" \/>\n<meta property=\"og:url\" content=\"https:\/\/www.hotelelysee.com\/fr\/a-third-theme-park-at-disneyland-paris\/\" \/>\n<meta property=\"og:site_name\" content=\"H\u00f4tel L&#039;Elys\u00e9e Val d&#039;Europe | 4* Pr\u00e8s de Disneyland\u00ae Paris\u00ae\" \/>\n<meta property=\"article:published_time\" content=\"2020-03-02T17:08:16+00:00\" \/>\n<meta property=\"article:modified_time\" content=\"2024-04-29T14:13:03+00:00\" \/>\n<meta name=\"author\" content=\"Commercial\" \/>\n<meta name=\"twitter:card\" content=\"summary_large_image\" \/>\n<meta name=\"twitter:label1\" content=\"\u00c9crit par\" \/>\n\t<meta name=\"twitter:data1\" content=\"Commercial\" \/>\n\t<meta name=\"twitter:label2\" content=\"Dur\u00e9e de lecture estim\u00e9e\" \/>\n\t<meta name=\"twitter:data2\" content=\"2 minutes\" \/>\n<script type=\"application\/ld+json\" class=\"yoast-schema-graph\">{\"@context\":\"https:\/\/schema.org\",\"@graph\":[{\"@type\":\"Article\",\"@id\":\"https:\/\/www.hotelelysee.com\/fr\/a-third-theme-park-at-disneyland-paris\/#article\",\"isPartOf\":{\"@id\":\"https:\/\/www.hotelelysee.com\/fr\/a-third-theme-park-at-disneyland-paris\/\"},\"author\":{\"name\":\"Commercial\",\"@id\":\"https:\/\/www.hotelelysee.com\/fr\/#\/schema\/person\/b9445981c271902d653d3fbb6e6e8be4\"},\"headline\":\"Un 3\u00e8me parc d\u2019attractions \u00e0 Disneyland\u00ae Paris ?\",\"datePublished\":\"2020-03-02T17:08:16+00:00\",\"dateModified\":\"2024-04-29T14:13:03+00:00\",\"mainEntityOfPage\":{\"@id\":\"https:\/\/www.hotelelysee.com\/fr\/a-third-theme-park-at-disneyland-paris\/\"},\"wordCount\":329,\"articleSection\":[\"Blog\"],\"inLanguage\":\"fr-FR\"},{\"@type\":\"WebPage\",\"@id\":\"https:\/\/www.hotelelysee.com\/fr\/a-third-theme-park-at-disneyland-paris\/\",\"url\":\"https:\/\/www.hotelelysee.com\/fr\/a-third-theme-park-at-disneyland-paris\/\",\"name\":\"Un 3\u00e8me parc d\u2019attractions \u00e0 Disneyland\u00ae Paris ? - H\u00f4tel L&#039;Elys\u00e9e Val d&#039;Europe | 4* Pr\u00e8s de Disneyland\u00ae Paris\u00ae\",\"isPartOf\":{\"@id\":\"https:\/\/www.hotelelysee.com\/fr\/#website\"},\"datePublished\":\"2020-03-02T17:08:16+00:00\",\"dateModified\":\"2024-04-29T14:13:03+00:00\",\"author\":{\"@id\":\"https:\/\/www.hotelelysee.com\/fr\/#\/schema\/person\/b9445981c271902d653d3fbb6e6e8be4\"},\"description\":\"Apr\u00e8s Disneyland et Walt Disney Studios, y aura-t-il un 3\u00e8me parc \u00e0 Marne-la-Vall\u00e9e ? Le complexe a d\u00e9sormais jusqu\u2019\u00e0 2036 pour se d\u00e9cider\u00a0!\",\"breadcrumb\":{\"@id\":\"https:\/\/www.hotelelysee.com\/fr\/a-third-theme-park-at-disneyland-paris\/#breadcrumb\"},\"inLanguage\":\"fr-FR\",\"potentialAction\":[{\"@type\":\"ReadAction\",\"target\":[\"https:\/\/www.hotelelysee.com\/fr\/a-third-theme-park-at-disneyland-paris\/\"]}]},{\"@type\":\"BreadcrumbList\",\"@id\":\"https:\/\/www.hotelelysee.com\/fr\/a-third-theme-park-at-disneyland-paris\/#breadcrumb\",\"itemListElement\":[{\"@type\":\"ListItem\",\"position\":1,\"name\":\"Accueil\",\"item\":\"https:\/\/www.hotelelysee.com\/fr\/\"},{\"@type\":\"ListItem\",\"position\":2,\"name\":\"Un 3\u00e8me parc d\u2019attractions \u00e0 Disneyland\u00ae Paris ?\"}]},{\"@type\":\"WebSite\",\"@id\":\"https:\/\/www.hotelelysee.com\/fr\/#website\",\"url\":\"https:\/\/www.hotelelysee.com\/fr\/\",\"name\":\"H\u00f4tel L'Elys\u00e9e Val d'Europe | 4* near Disneyland\u00ae Paris\",\"description\":\"Un h\u00f4tel 4 \u00e9toiles parfait pour la famille... et les entreprises\",\"potentialAction\":[{\"@type\":\"SearchAction\",\"target\":{\"@type\":\"EntryPoint\",\"urlTemplate\":\"https:\/\/www.hotelelysee.com\/fr\/?s={search_term_string}\"},\"query-input\":{\"@type\":\"PropertyValueSpecification\",\"valueRequired\":true,\"valueName\":\"search_term_string\"}}],\"inLanguage\":\"fr-FR\"},{\"@type\":\"Person\",\"@id\":\"https:\/\/www.hotelelysee.com\/fr\/#\/schema\/person\/b9445981c271902d653d3fbb6e6e8be4\",\"name\":\"Commercial\",\"image\":{\"@type\":\"ImageObject\",\"inLanguage\":\"fr-FR\",\"@id\":\"https:\/\/www.hotelelysee.com\/fr\/#\/schema\/person\/image\/\",\"url\":\"https:\/\/secure.gravatar.com\/avatar\/5262560066be923ccb941ca9848380e0dbc3922791903c81d0013747dc1bad09?s=96&d=mm&r=g\",\"contentUrl\":\"https:\/\/secure.gravatar.com\/avatar\/5262560066be923ccb941ca9848380e0dbc3922791903c81d0013747dc1bad09?s=96&d=mm&r=g\",\"caption\":\"Commercial\"},\"url\":\"https:\/\/www.hotelelysee.com\/fr\/author\/commercial\/\"}]}<\/script>\n<!-- \/ Yoast SEO plugin. -->","yoast_head_json":{"title":"Un 3\u00e8me parc d\u2019attractions \u00e0 Disneyland\u00ae Paris ? - H\u00f4tel L&#039;Elys\u00e9e Val d&#039;Europe | 4* Pr\u00e8s de Disneyland\u00ae Paris\u00ae","description":"Apr\u00e8s Disneyland et Walt Disney Studios, y aura-t-il un 3\u00e8me parc \u00e0 Marne-la-Vall\u00e9e ? Le complexe a d\u00e9sormais jusqu\u2019\u00e0 2036 pour se d\u00e9cider\u00a0!","robots":{"index":"index","follow":"follow","max-snippet":"max-snippet:-1","max-image-preview":"max-image-preview:large","max-video-preview":"max-video-preview:-1"},"canonical":"https:\/\/www.hotelelysee.com\/fr\/a-third-theme-park-at-disneyland-paris\/","og_locale":"fr_FR","og_type":"article","og_title":"Un 3\u00e8me parc d\u2019attractions \u00e0 Disneyland\u00ae Paris ? - H\u00f4tel L&#039;Elys\u00e9e Val d&#039;Europe | 4* Pr\u00e8s de Disneyland\u00ae Paris\u00ae","og_description":"Apr\u00e8s Disneyland et Walt Disney Studios, y aura-t-il un 3\u00e8me parc \u00e0 Marne-la-Vall\u00e9e ? Le complexe a d\u00e9sormais jusqu\u2019\u00e0 2036 pour se d\u00e9cider\u00a0!","og_url":"https:\/\/www.hotelelysee.com\/fr\/a-third-theme-park-at-disneyland-paris\/","og_site_name":"H\u00f4tel L&#039;Elys\u00e9e Val d&#039;Europe | 4* Pr\u00e8s de Disneyland\u00ae Paris\u00ae","article_published_time":"2020-03-02T17:08:16+00:00","article_modified_time":"2024-04-29T14:13:03+00:00","author":"Commercial","twitter_card":"summary_large_image","twitter_misc":{"\u00c9crit par":"Commercial","Dur\u00e9e de lecture estim\u00e9e":"2 minutes"},"schema":{"@context":"https:\/\/schema.org","@graph":[{"@type":"Article","@id":"https:\/\/www.hotelelysee.com\/fr\/a-third-theme-park-at-disneyland-paris\/#article","isPartOf":{"@id":"https:\/\/www.hotelelysee.com\/fr\/a-third-theme-park-at-disneyland-paris\/"},"author":{"name":"Commercial","@id":"https:\/\/www.hotelelysee.com\/fr\/#\/schema\/person\/b9445981c271902d653d3fbb6e6e8be4"},"headline":"Un 3\u00e8me parc d\u2019attractions \u00e0 Disneyland\u00ae Paris ?","datePublished":"2020-03-02T17:08:16+00:00","dateModified":"2024-04-29T14:13:03+00:00","mainEntityOfPage":{"@id":"https:\/\/www.hotelelysee.com\/fr\/a-third-theme-park-at-disneyland-paris\/"},"wordCount":329,"articleSection":["Blog"],"inLanguage":"fr-FR"},{"@type":"WebPage","@id":"https:\/\/www.hotelelysee.com\/fr\/a-third-theme-park-at-disneyland-paris\/","url":"https:\/\/www.hotelelysee.com\/fr\/a-third-theme-park-at-disneyland-paris\/","name":"Un 3\u00e8me parc d\u2019attractions \u00e0 Disneyland\u00ae Paris ? - H\u00f4tel L&#039;Elys\u00e9e Val d&#039;Europe | 4* Pr\u00e8s de Disneyland\u00ae Paris\u00ae","isPartOf":{"@id":"https:\/\/www.hotelelysee.com\/fr\/#website"},"datePublished":"2020-03-02T17:08:16+00:00","dateModified":"2024-04-29T14:13:03+00:00","author":{"@id":"https:\/\/www.hotelelysee.com\/fr\/#\/schema\/person\/b9445981c271902d653d3fbb6e6e8be4"},"description":"Apr\u00e8s Disneyland et Walt Disney Studios, y aura-t-il un 3\u00e8me parc \u00e0 Marne-la-Vall\u00e9e ? Le complexe a d\u00e9sormais jusqu\u2019\u00e0 2036 pour se d\u00e9cider\u00a0!","breadcrumb":{"@id":"https:\/\/www.hotelelysee.com\/fr\/a-third-theme-park-at-disneyland-paris\/#breadcrumb"},"inLanguage":"fr-FR","potentialAction":[{"@type":"ReadAction","target":["https:\/\/www.hotelelysee.com\/fr\/a-third-theme-park-at-disneyland-paris\/"]}]},{"@type":"BreadcrumbList","@id":"https:\/\/www.hotelelysee.com\/fr\/a-third-theme-park-at-disneyland-paris\/#breadcrumb","itemListElement":[{"@type":"ListItem","position":1,"name":"Accueil","item":"https:\/\/www.hotelelysee.com\/fr\/"},{"@type":"ListItem","position":2,"name":"Un 3\u00e8me parc d\u2019attractions \u00e0 Disneyland\u00ae Paris ?"}]},{"@type":"WebSite","@id":"https:\/\/www.hotelelysee.com\/fr\/#website","url":"https:\/\/www.hotelelysee.com\/fr\/","name":"H\u00f4tel L'Elys\u00e9e Val d'Europe | 4* near Disneyland\u00ae Paris","description":"Un h\u00f4tel 4 \u00e9toiles parfait pour la famille... et les entreprises","potentialAction":[{"@type":"SearchAction","target":{"@type":"EntryPoint","urlTemplate":"https:\/\/www.hotelelysee.com\/fr\/?s={search_term_string}"},"query-input":{"@type":"PropertyValueSpecification","valueRequired":true,"valueName":"search_term_string"}}],"inLanguage":"fr-FR"},{"@type":"Person","@id":"https:\/\/www.hotelelysee.com\/fr\/#\/schema\/person\/b9445981c271902d653d3fbb6e6e8be4","name":"Commercial","image":{"@type":"ImageObject","inLanguage":"fr-FR","@id":"https:\/\/www.hotelelysee.com\/fr\/#\/schema\/person\/image\/","url":"https:\/\/secure.gravatar.com\/avatar\/5262560066be923ccb941ca9848380e0dbc3922791903c81d0013747dc1bad09?s=96&d=mm&r=g","contentUrl":"https:\/\/secure.gravatar.com\/avatar\/5262560066be923ccb941ca9848380e0dbc3922791903c81d0013747dc1bad09?s=96&d=mm&r=g","caption":"Commercial"},"url":"https:\/\/www.hotelelysee.com\/fr\/author\/commercial\/"}]}},"_links":{"self":[{"href":"https:\/\/www.hotelelysee.com\/fr\/wp-json\/wp\/v2\/posts\/4767","targetHints":{"allow":["GET"]}}],"collection":[{"href":"https:\/\/www.hotelelysee.com\/fr\/wp-json\/wp\/v2\/posts"}],"about":[{"href":"https:\/\/www.hotelelysee.com\/fr\/wp-json\/wp\/v2\/types\/post"}],"author":[{"embeddable":true,"href":"https:\/\/www.hotelelysee.com\/fr\/wp-json\/wp\/v2\/users\/6"}],"replies":[{"embeddable":true,"href":"https:\/\/www.hotelelysee.com\/fr\/wp-json\/wp\/v2\/comments?post=4767"}],"version-history":[{"count":4,"href":"https:\/\/www.hotelelysee.com\/fr\/wp-json\/wp\/v2\/posts\/4767\/revisions"}],"predecessor-version":[{"id":5012,"href":"https:\/\/www.hotelelysee.com\/fr\/wp-json\/wp\/v2\/posts\/4767\/revisions\/5012"}],"wp:attachment":[{"href":"https:\/\/www.hotelelysee.com\/fr\/wp-json\/wp\/v2\/media?parent=4767"}],"wp:term":[{"taxonomy":"category","embeddable":true,"href":"https:\/\/www.hotelelysee.com\/fr\/wp-json\/wp\/v2\/categories?post=4767"},{"taxonomy":"post_tag","embeddable":true,"href":"https:\/\/www.hotelelysee.com\/fr\/wp-json\/wp\/v2\/tags?post=4767"}],"curies":[{"name":"wp","href":"https:\/\/api.w.org\/{rel}","templated":true}]}}